{"id":949,"date":"2022-02-24T09:46:17","date_gmt":"2022-02-24T08:46:17","guid":{"rendered":"http:\/\/dsf-leipzig.de\/dsf2.0\/wmo\/?p=949"},"modified":"2022-03-20T07:36:12","modified_gmt":"2022-03-20T06:36:12","slug":"lo-fe-2022-leipziger-osten-fest","status":"publish","type":"post","link":"https:\/\/dsf-leipzig.de\/dsf2.0\/wmo\/2022\/02\/24\/lo-fe-2022-leipziger-osten-fest\/","title":{"rendered":"LO.FE 2022 Leipziger Osten Fest"},"content":{"rendered":"\n<div class=\"wp-block-group alignfull has-ast-global-color-5-background-color has-background\" id=\"home\"><div class=\"wp-block-group__inner-container is-layout-flow wp-block-group-is-layout-flow\">\n<figure class=\"wp-block-image alignfull size-large\"><img loading=\"lazy\" decoding=\"async\" width=\"1024\" height=\"160\" src=\"https:\/\/dsf-leipzig.de\/dsf2.0\/wmo\/wp-content\/uploads\/sites\/9\/2022\/03\/Banner-LO.FE-2022-1024x160.jpg\" alt=\"\" class=\"wp-image-1145\" srcset=\"https:\/\/dsf-leipzig.de\/dsf2.0\/wmo\/wp-content\/uploads\/sites\/9\/2022\/03\/Banner-LO.FE-2022-1024x160.jpg 1024w, https:\/\/dsf-leipzig.de\/dsf2.0\/wmo\/wp-content\/uploads\/sites\/9\/2022\/03\/Banner-LO.FE-2022-300x47.jpg 300w, https:\/\/dsf-leipzig.de\/dsf2.0\/wmo\/wp-content\/uploads\/sites\/9\/2022\/03\/Banner-LO.FE-2022-768x120.jpg 768w, https:\/\/dsf-leipzig.de\/dsf2.0\/wmo\/wp-content\/uploads\/sites\/9\/2022\/03\/Banner-LO.FE-2022-1536x240.jpg 1536w, https:\/\/dsf-leipzig.de\/dsf2.0\/wmo\/wp-content\/uploads\/sites\/9\/2022\/03\/Banner-LO.FE-2022.jpg 1920w\" sizes=\"auto, (max-width: 1024px) 100vw, 1024px\" \/><\/figure>\n\n\n\n<h2 class=\"wp-block-heading\"><strong>LO.FE 2022 \u2013 Das Leipziger Osten Fest sucht Akteur:innen<\/strong><\/h2>\n\n\n\n<p>Wir freuen uns zu verk\u00fcnden, dass endlich die LO.FE-Planung losgeht!<\/p>\n\n\n\n<div class=\"wp-block-columns is-layout-flex wp-container-core-columns-is-layout-9d6595d7 wp-block-columns-is-layout-flex\">\n<div class=\"wp-block-column is-layout-flow wp-block-column-is-layout-flow\">\n<p>LO.FE ist ein Informations- und Begegnungsfest Vereine, Institutionen und Initiativen stellen ihre Angebote vor und freuen sich auf Fragen wie diese: Wer hilft mir bei meinem Problem? Wo finde ich Unterst\u00fctzung im Stadtteil? Wie kann ich mich einbringen oder engagieren? Eingeladen sind alle interessierten Bewohner\/-innen, insbesondere mit Flucht- und\/oder Migrationshintergrund aus dem Leipziger Osten.<\/p>\n<\/div>\n\n\n\n<div class=\"wp-block-column is-layout-flow wp-block-column-is-layout-flow\">\n<p>Auch in diesem Jahr sind Vereine und Initiativen herzlich willkommen, mit einem Stand, Teil dieses nicht-kommerziellen Festes zu sein.&nbsp;An dem Tag k\u00f6nnen sich die Anwohnenden \u00fcber Engagementm\u00f6glichkeiten (im Leipziger Osten) informieren und erfahren, welche Anlaufstellen es f\u00fcr die unterschiedlichsten Beratungsangebote gibt.<\/p>\n<\/div>\n\n\n\n<div class=\"wp-block-column is-layout-flow wp-block-column-is-layout-flow\">\n<p>Das Fest letztes Jahr war ein wundervolles Zusammenkommen vieler Menschen und das m\u00f6chten wir dieses Jahr wieder erm\u00f6glichen. Dabei geht es um die Anmeldung zum <strong>LO.FE am 18.06.22, 15-19 Uhr<\/strong>, und im zweiten Schritt um die Anmeldung f\u00fcr das <strong>Planungstreffen mit allen Akteur:innen am 15.03.2022:<\/strong><\/p>\n<\/div>\n<\/div>\n\n\n\n<div class=\"wp-block-columns alignwide are-vertically-aligned-top is-layout-flex wp-container-core-columns-is-layout-9d6595d7 wp-block-columns-is-layout-flex\">\n<div class=\"wp-block-column is-vertically-aligned-top is-layout-flow wp-block-column-is-layout-flow\"><\/div>\n<\/div>\n<\/div><\/div>\n\n\n\n<div class=\"wp-block-columns is-layout-flex wp-container-core-columns-is-layout-9d6595d7 wp-block-columns-is-layout-flex\">\n<div class=\"wp-block-column is-layout-flow wp-block-column-is-layout-flow\">\n<p><strong>1. Anmeldung f\u00fcr das LO.FE<\/strong>:<\/p>\n\n\n\n<p>Mit der Anmeldung durch diesen Link werden Sie automatisch der Teilnehmenden liste f\u00fcr das <strong>LO.FE am 18.06.2022 <\/strong>hinzugef\u00fcgt<\/p>\n\n\n\n<div class=\"wp-block-buttons is-layout-flex wp-block-buttons-is-layout-flex\">\n<div class=\"wp-block-button has-custom-width wp-block-button__width-75 is-style-outline is-style-outline--1\"><a class=\"wp-block-button__link has-vivid-cyan-blue-color has-luminous-vivid-amber-background-color has-text-color has-background\" href=\"https:\/\/home.dsf-leipzig.de\/civicrm\/event\/register?reset=1&amp;id=8\" style=\"border-radius:23px\" target=\"_blank\" rel=\"noreferrer noopener\"><strong>Hier geht zur Anmeldung (auf Button klicken)<\/strong><\/a><\/div>\n<\/div>\n<\/div>\n\n\n\n<div class=\"wp-block-column is-layout-flow wp-block-column-is-layout-flow\">\n<p><strong>2. Anmeldung f\u00fcr das Planungstreffen <\/strong><\/p>\n\n\n\n<p>Nach der Anmeldung erhalten Sie eine Best\u00e4tigungsmail. In der <strong>Best\u00e4tigungsmail<\/strong> erhalten Sie einen <strong>Link f\u00fcr die Anmeldung zum ersten Planungstreffen<\/strong> mit allen Akteur:innen am <strong>15.03.22, 10-12 Uhr<\/strong><\/p>\n<\/div>\n\n\n\n<div class=\"wp-block-column is-layout-flow wp-block-column-is-layout-flow\">\n<p><strong>3. Zoom-Link f\u00fcr das Planungstreffen<\/strong>: <\/p>\n\n\n\n<p>Nach der Anmeldung f\u00fcr das Planungstreffen <strong>(Schritt 2)<\/strong>, erhalten Sie eine weitere <strong>Best\u00e4tigungsmail mit dem Zoom-Link f\u00fcr den 15.03.22<\/strong><\/p>\n<\/div>\n<\/div>\n\n\n\n<div class=\"wp-block-group alignfull has-ast-global-color-5-background-color has-background\" id=\"speakers\"><div class=\"wp-block-group__inner-container is-layout-flow wp-block-group-is-layout-flow\">\n<div class=\"wp-block-columns alignwide are-vertically-aligned-top is-layout-flex wp-container-core-columns-is-layout-9d6595d7 wp-block-columns-is-layout-flex\">\n<div class=\"wp-block-column is-vertically-aligned-top is-layout-flow wp-block-column-is-layout-flow\">\n<p><strong>Wichtig<\/strong>: Sie wollen am LO.FE teilnehmen, k\u00f6nnen aber am ersten Planungstreffen nicht teilnehmen? Dann Folgen Sie nur Schritt 1. Dadurch werden Sie dem LO.FE-Verteiler hinzugef\u00fcgt und bekommen die Protokolle zu den Treffen, E-Mails und Einladungen zu den n\u00e4chsten Treffen.<\/p>\n<\/div>\n\n\n\n<div class=\"wp-block-column is-vertically-aligned-top is-layout-flow wp-block-column-is-layout-flow\">\n<p><strong>Au\u00dferdem:&nbsp;<\/strong>Durch die Anmeldung f\u00fcr das LO.FE liegt der Verteiler von nun an beim Deutsch-Spanische-Freundschaft e.V. Das hei\u00dft konkret, dass alle, am LO.FE teilnehmen m\u00f6chten, k\u00fcnftig \u00fcber den oben stehenden Link in Punkt 1 gehen, oder den Verein per Mail kontaktiert:&nbsp;<a href=\"mailto:info@dsf-leipzig.de\">info@dsf-leipzig.de<\/a>. Die zust\u00e4ndige Person ist Roberto Fratta. Anfragen f\u00fcr B\u00fchnenauftritte k\u00f6nnen auch gerne an ihn gerichtet werden:&nbsp;<a href=\"mailto:events@dsf-leipzig.de\">events@dsf-leipzig.de<\/a><\/p>\n<\/div>\n<\/div>\n<\/div><\/div>\n\n\n\n<div class=\"wp-block-group alignfull has-ast-global-color-5-background-color has-background\" id=\"speakers\"><div class=\"wp-block-group__inner-container is-layout-flow wp-block-group-is-layout-flow\">\n<div class=\"wp-block-columns alignwide are-vertically-aligned-top is-layout-flex wp-container-core-columns-is-layout-9d6595d7 wp-block-columns-is-layout-flex\">\n<div class=\"wp-block-column is-vertically-aligned-top is-layout-flow wp-block-column-is-layout-flow\">\n<h2 class=\"has-text-align-left wp-block-heading\">Organisatoren <\/h2>\n<\/div>\n\n\n\n<div class=\"wp-block-column is-vertically-aligned-top is-layout-flow wp-block-column-is-layout-flow\">\n<p>Die j\u00e4hrliche Veranstaltung ist bekannt f\u00fcr den wechselnden Tr\u00e4ger. Der diesj\u00e4hrige Tr\u00e4ger ist der <strong>P\u00f6ge-Haus e.V.<\/strong> in Kooperation mit dem <strong>Deutsch-Spanischen-Freundschaft e.V.<\/strong>, <strong>Quartiersmanagement Leipziger Osten<\/strong> und der <strong>Referat f\u00fcr Migration und Integration<\/strong> der Stadt Leipzig.<\/p>\n<\/div>\n<\/div>\n\n\n\n<div class=\"wp-block-columns alignwide is-layout-flex wp-container-core-columns-is-layout-9d6595d7 wp-block-columns-is-layout-flex\">\n<div class=\"wp-block-column is-layout-flow wp-block-column-is-layout-flow\">\n<figure class=\"wp-block-image size-full\"><img loading=\"lazy\" decoding=\"async\" width=\"500\" height=\"500\" src=\"https:\/\/dsf-leipzig.de\/dsf2.0\/wmo\/wp-content\/uploads\/sites\/9\/2022\/02\/8.png\" alt=\"\" class=\"wp-image-960\" srcset=\"https:\/\/dsf-leipzig.de\/dsf2.0\/wmo\/wp-content\/uploads\/sites\/9\/2022\/02\/8.png 500w, https:\/\/dsf-leipzig.de\/dsf2.0\/wmo\/wp-content\/uploads\/sites\/9\/2022\/02\/8-300x300.png 300w, https:\/\/dsf-leipzig.de\/dsf2.0\/wmo\/wp-content\/uploads\/sites\/9\/2022\/02\/8-150x150.png 150w\" sizes=\"auto, (max-width: 500px) 100vw, 500px\" \/><figcaption>Tr\u00e4ger<\/figcaption><\/figure>\n<\/div>\n\n\n\n<div class=\"wp-block-column is-layout-flow wp-block-column-is-layout-flow\">\n<figure class=\"wp-block-image size-full\"><img loading=\"lazy\" decoding=\"async\" width=\"500\" height=\"500\" src=\"https:\/\/dsf-leipzig.de\/dsf2.0\/wmo\/wp-content\/uploads\/sites\/9\/2022\/02\/1-1.png\" alt=\"\" class=\"wp-image-961\" srcset=\"https:\/\/dsf-leipzig.de\/dsf2.0\/wmo\/wp-content\/uploads\/sites\/9\/2022\/02\/1-1.png 500w, https:\/\/dsf-leipzig.de\/dsf2.0\/wmo\/wp-content\/uploads\/sites\/9\/2022\/02\/1-1-300x300.png 300w, https:\/\/dsf-leipzig.de\/dsf2.0\/wmo\/wp-content\/uploads\/sites\/9\/2022\/02\/1-1-150x150.png 150w\" sizes=\"auto, (max-width: 500px) 100vw, 500px\" \/><figcaption>Kooperationspartner <\/figcaption><\/figure>\n<\/div>\n\n\n\n<div class=\"wp-block-column is-layout-flow wp-block-column-is-layout-flow\">\n<figure class=\"wp-block-image size-full\"><img loading=\"lazy\" decoding=\"async\" width=\"500\" height=\"500\" src=\"https:\/\/dsf-leipzig.de\/dsf2.0\/wmo\/wp-content\/uploads\/sites\/9\/2022\/02\/7.png\" alt=\"\" class=\"wp-image-959\" srcset=\"https:\/\/dsf-leipzig.de\/dsf2.0\/wmo\/wp-content\/uploads\/sites\/9\/2022\/02\/7.png 500w, https:\/\/dsf-leipzig.de\/dsf2.0\/wmo\/wp-content\/uploads\/sites\/9\/2022\/02\/7-300x300.png 300w, https:\/\/dsf-leipzig.de\/dsf2.0\/wmo\/wp-content\/uploads\/sites\/9\/2022\/02\/7-150x150.png 150w\" sizes=\"auto, (max-width: 500px) 100vw, 500px\" \/><figcaption>Kooperationspartner <\/figcaption><\/figure>\n<\/div>\n\n\n\n<div class=\"wp-block-column is-layout-flow wp-block-column-is-layout-flow\">\n<figure class=\"wp-block-image size-full\"><img loading=\"lazy\" decoding=\"async\" width=\"500\" height=\"500\" src=\"https:\/\/dsf-leipzig.de\/dsf2.0\/wmo\/wp-content\/uploads\/sites\/9\/2022\/02\/4-1.png\" alt=\"\" class=\"wp-image-962\" srcset=\"https:\/\/dsf-leipzig.de\/dsf2.0\/wmo\/wp-content\/uploads\/sites\/9\/2022\/02\/4-1.png 500w, https:\/\/dsf-leipzig.de\/dsf2.0\/wmo\/wp-content\/uploads\/sites\/9\/2022\/02\/4-1-300x300.png 300w, https:\/\/dsf-leipzig.de\/dsf2.0\/wmo\/wp-content\/uploads\/sites\/9\/2022\/02\/4-1-150x150.png 150w\" sizes=\"auto, (max-width: 500px) 100vw, 500px\" \/><figcaption>Kooperationspartner <\/figcaption><\/figure>\n<\/div>\n<\/div>\n<\/div><\/div>\n\n\n\n<div class=\"wp-block-group alignfull has-ast-global-color-5-background-color has-background\"><div class=\"wp-block-group__inner-container is-layout-flow wp-block-group-is-layout-flow\">\n<div class=\"wp-block-columns are-vertically-aligned-top is-layout-flex wp-container-core-columns-is-layout-9d6595d7 wp-block-columns-is-layout-flex\">\n<div class=\"wp-block-column is-vertically-aligned-top is-layout-flow wp-block-column-is-layout-flow\">\n<h2 class=\"has-text-align-left wp-block-heading\" id=\"sponsors\">F\u00f6rderer<\/h2>\n<\/div>\n\n\n\n<div class=\"wp-block-column is-vertically-aligned-top is-layout-flow wp-block-column-is-layout-flow\">\n<figure class=\"wp-block-image size-full is-style-default\"><img loading=\"lazy\" decoding=\"async\" width=\"500\" height=\"500\" src=\"https:\/\/dsf-leipzig.de\/dsf2.0\/wmo\/wp-content\/uploads\/sites\/9\/2022\/02\/6.png\" alt=\"\" class=\"wp-image-958\" srcset=\"https:\/\/dsf-leipzig.de\/dsf2.0\/wmo\/wp-content\/uploads\/sites\/9\/2022\/02\/6.png 500w, https:\/\/dsf-leipzig.de\/dsf2.0\/wmo\/wp-content\/uploads\/sites\/9\/2022\/02\/6-300x300.png 300w, https:\/\/dsf-leipzig.de\/dsf2.0\/wmo\/wp-content\/uploads\/sites\/9\/2022\/02\/6-150x150.png 150w\" sizes=\"auto, (max-width: 500px) 100vw, 500px\" \/><\/figure>\n<\/div>\n<\/div>\n<\/div><\/div>\n\n\n\n<h2 class=\"wp-block-heading\">Einblicke aus das LO.FE 2021 <\/h2>\n\n\n\n<div class=\"alignnormal\">[metaslider id=975 cssclass=&#8220;&#8220;]<\/div>\n\n\n\n<p><strong>Fotos: Gisela Ritschel<\/strong><\/p>\n","protected":false},"excerpt":{"rendered":"<p>LO.FE ist ein Informations- und Begegnungsfest. Vereine, Institutionen und Initiativen stellen ihre Angebote vor und freuen sich auf Fragen wie diese: Wer hilft mir bei meinem Problem? Wo finde ich Unterst\u00fctzung im Stadtteil? Wie kann ich mich einbringen oder engagieren? Eingeladen sind alle interessierten Bewohner\/-innen, insbesondere mit Flucht- und\/oder Migrationshintergrund aus dem Leipziger Osten.<\/p>\n","protected":false},"author":27,"featured_media":1058,"comment_status":"open","ping_status":"open","sticky":false,"template":"","format":"standard","meta":{"_uag_custom_page_level_css":"","_kadence_starter_templates_imported_post":false,"_jetpack_memberships_contains_paid_content":false,"_joinchat":[],"footnotes":""},"categories":[35,23],"tags":[],"class_list":["post-949","post","type-post","status-publish","format-standard","has-post-thumbnail","hentry","category-lo-fe","category-news"],"jetpack_featured_media_url":"https:\/\/dsf-leipzig.de\/dsf2.0\/wmo\/wp-content\/uploads\/sites\/9\/2022\/02\/Afeefa-Logos-500X500-Pi\u0301xeles-fu\u0308r-Webseite-Afeefa.de-Leipzig-1.jpg","uagb_featured_image_src":{"full":["https:\/\/dsf-leipzig.de\/dsf2.0\/wmo\/wp-content\/uploads\/sites\/9\/2022\/02\/Afeefa-Logos-500X500-Pi\u0301xeles-fu\u0308r-Webseite-Afeefa.de-Leipzig-1.jpg",500,500,false],"thumbnail":["https:\/\/dsf-leipzig.de\/dsf2.0\/wmo\/wp-content\/uploads\/sites\/9\/2022\/02\/Afeefa-Logos-500X500-Pi\u0301xeles-fu\u0308r-Webseite-Afeefa.de-Leipzig-1-150x150.jpg",150,150,true],"medium":["https:\/\/dsf-leipzig.de\/dsf2.0\/wmo\/wp-content\/uploads\/sites\/9\/2022\/02\/Afeefa-Logos-500X500-Pi\u0301xeles-fu\u0308r-Webseite-Afeefa.de-Leipzig-1-300x300.jpg",300,300,true],"medium_large":["https:\/\/dsf-leipzig.de\/dsf2.0\/wmo\/wp-content\/uploads\/sites\/9\/2022\/02\/Afeefa-Logos-500X500-Pi\u0301xeles-fu\u0308r-Webseite-Afeefa.de-Leipzig-1.jpg",500,500,false],"large":["https:\/\/dsf-leipzig.de\/dsf2.0\/wmo\/wp-content\/uploads\/sites\/9\/2022\/02\/Afeefa-Logos-500X500-Pi\u0301xeles-fu\u0308r-Webseite-Afeefa.de-Leipzig-1.jpg",500,500,false],"1536x1536":["https:\/\/dsf-leipzig.de\/dsf2.0\/wmo\/wp-content\/uploads\/sites\/9\/2022\/02\/Afeefa-Logos-500X500-Pi\u0301xeles-fu\u0308r-Webseite-Afeefa.de-Leipzig-1.jpg",500,500,false],"2048x2048":["https:\/\/dsf-leipzig.de\/dsf2.0\/wmo\/wp-content\/uploads\/sites\/9\/2022\/02\/Afeefa-Logos-500X500-Pi\u0301xeles-fu\u0308r-Webseite-Afeefa.de-Leipzig-1.jpg",500,500,false],"cream-magazine-thumbnail-2":["https:\/\/dsf-leipzig.de\/dsf2.0\/wmo\/wp-content\/uploads\/sites\/9\/2022\/02\/Afeefa-Logos-500X500-Pi\u0301xeles-fu\u0308r-Webseite-Afeefa.de-Leipzig-1-500x450.jpg",500,450,true],"cream-magazine-thumbnail-3":["https:\/\/dsf-leipzig.de\/dsf2.0\/wmo\/wp-content\/uploads\/sites\/9\/2022\/02\/Afeefa-Logos-500X500-Pi\u0301xeles-fu\u0308r-Webseite-Afeefa.de-Leipzig-1.jpg",500,500,false],"cream-magazine-thumbnail-4":["https:\/\/dsf-leipzig.de\/dsf2.0\/wmo\/wp-content\/uploads\/sites\/9\/2022\/02\/Afeefa-Logos-500X500-Pi\u0301xeles-fu\u0308r-Webseite-Afeefa.de-Leipzig-1-450x500.jpg",450,500,true]},"uagb_author_info":{"display_name":"Administrador","author_link":"https:\/\/dsf-leipzig.de\/dsf2.0\/wmo\/author\/admin1\/"},"uagb_comment_info":0,"uagb_excerpt":"LO.FE ist ein Informations- und Begegnungsfest. Vereine, Institutionen und Initiativen stellen ihre Angebote vor und freuen sich auf Fragen wie diese: Wer hilft mir bei meinem Problem? Wo finde ich Unterst\u00fctzung im Stadtteil? Wie kann ich mich einbringen oder engagieren? Eingeladen sind alle interessierten Bewohner\/-innen, insbesondere mit Flucht- und\/oder Migrationshintergrund aus dem Leipziger Osten.","jetpack_sharing_enabled":true,"_links":{"self":[{"href":"https:\/\/dsf-leipzig.de\/dsf2.0\/wmo\/wp-json\/wp\/v2\/posts\/949","targetHints":{"allow":["GET"]}}],"collection":[{"href":"https:\/\/dsf-leipzig.de\/dsf2.0\/wmo\/wp-json\/wp\/v2\/posts"}],"about":[{"href":"https:\/\/dsf-leipzig.de\/dsf2.0\/wmo\/wp-json\/wp\/v2\/types\/post"}],"author":[{"embeddable":true,"href":"https:\/\/dsf-leipzig.de\/dsf2.0\/wmo\/wp-json\/wp\/v2\/users\/27"}],"replies":[{"embeddable":true,"href":"https:\/\/dsf-leipzig.de\/dsf2.0\/wmo\/wp-json\/wp\/v2\/comments?post=949"}],"version-history":[{"count":14,"href":"https:\/\/dsf-leipzig.de\/dsf2.0\/wmo\/wp-json\/wp\/v2\/posts\/949\/revisions"}],"predecessor-version":[{"id":1147,"href":"https:\/\/dsf-leipzig.de\/dsf2.0\/wmo\/wp-json\/wp\/v2\/posts\/949\/revisions\/1147"}],"wp:featuredmedia":[{"embeddable":true,"href":"https:\/\/dsf-leipzig.de\/dsf2.0\/wmo\/wp-json\/wp\/v2\/media\/1058"}],"wp:attachment":[{"href":"https:\/\/dsf-leipzig.de\/dsf2.0\/wmo\/wp-json\/wp\/v2\/media?parent=949"}],"wp:term":[{"taxonomy":"category","embeddable":true,"href":"https:\/\/dsf-leipzig.de\/dsf2.0\/wmo\/wp-json\/wp\/v2\/categories?post=949"},{"taxonomy":"post_tag","embeddable":true,"href":"https:\/\/dsf-leipzig.de\/dsf2.0\/wmo\/wp-json\/wp\/v2\/tags?post=949"}],"curies":[{"name":"wp","href":"https:\/\/api.w.org\/{rel}","templated":true}]}}